[{"@context":"https:\/\/schema.org\/","@type":"Article","@id":"https:\/\/www.patriot-x.cz\/jak-na-suseni-pradla-v-zime\/#Article","mainEntityOfPage":"https:\/\/www.patriot-x.cz\/jak-na-suseni-pradla-v-zime\/","headline":"Jak na su\u0161en\u00ed pr\u00e1dla v zim\u011b?","name":"Jak na su\u0161en\u00ed pr\u00e1dla v zim\u011b?","description":"Na prvn\u00ed pohled na su\u0161en\u00ed pr\u00e1dla nen\u00ed nic z\u00e1vadn\u00e9ho. Je to zajist\u00e9 \u00fa\u010dinn\u00fd zp\u016fsob, jak zbavit sv\u00e9 oble\u010den\u00ed vlhkosti, kdy\u017e [&hellip;]","datePublished":"2020-01-19","dateModified":"2023-05-19","author":{"@type":"Person","@id":"https:\/\/www.patriot-x.cz\/author\/#Person","name":"","url":"https:\/\/www.patriot-x.cz\/author\/","identifier":1,"image":{"@type":"ImageObject","@id":"https:\/\/secure.gravatar.com\/avatar\/d7705a23c50ede72936119380238a88bdeb91030521f9262dc3abc6fdd8add33?s=96&d=mm&r=g","url":"https:\/\/secure.gravatar.com\/avatar\/d7705a23c50ede72936119380238a88bdeb91030521f9262dc3abc6fdd8add33?s=96&d=mm&r=g","height":96,"width":96}},"publisher":{"@type":"Organization","name":"patriot-x.cz","logo":{"@type":"ImageObject","@id":"\/logo.png","url":"\/logo.png","width":600,"height":60}},"image":{"@type":"ImageObject","@id":"https:\/\/www.patriot-x.cz\/wp-content\/uploads\/img_a367900_w3126_t1580316081.jpg","url":"https:\/\/www.patriot-x.cz\/wp-content\/uploads\/img_a367900_w3126_t1580316081.jpg","height":0,"width":0},"url":"https:\/\/www.patriot-x.cz\/jak-na-suseni-pradla-v-zime\/","about":["D\u016fm a byt"],"wordCount":427,"articleBody":"Na prvn\u00ed pohled na su\u0161en\u00ed pr\u00e1dla nen\u00ed nic z\u00e1vadn\u00e9ho. Je to zajist\u00e9 \u00fa\u010dinn\u00fd zp\u016fsob, jak zbavit sv\u00e9 oble\u010den\u00ed vlhkosti, kdy\u017e je venku zima a Slunce m\u00e1lo kdy vysvitne. Ned\u00e1vn\u00e9 studie ale ukazuj\u00ed, \u017ee by to nemuselo b\u00fdt bez vedlej\u0161\u00edch efekt\u016f. Mohlo by to m\u00edt souvislost s&nbsp;t\u00edm, \u017ee se plicn\u00ed l\u00e9ka\u0159i daleko \u010dast\u011bji pot\u00fdkaj\u00ed s&nbsp;onemocn\u011bn\u00edmi, kter\u00e1 jsou zap\u0159\u00ed\u010din\u011bna vdechnut\u00edm pl\u00eds\u0148ov\u00fdch sp\u00f3r z&nbsp;rodu Aspergillus.Nebezpe\u010d\u00ed pro d\u011btiZdrav\u00fd dosp\u011bl\u00fd \u010dlov\u011bk je proti t\u00e9to pl\u00edsni obvykle imunn\u00ed. Probl\u00e9mem ale m\u016f\u017ee b\u00fdt, jak je zvykem, pro d\u011bti a lidi s&nbsp;oslabenou imunitou. Pro tyto rizikov\u00e9 skupiny m\u016f\u017ee b\u00fdt zm\u00edn\u011bn\u00e1 pl\u00edse\u0148 opravdu nebezpe\u010dn\u00e1. Zp\u016fsobuje plicn\u00ed aspergil\u00f3zu, v&nbsp;d\u016fsledku, kter\u00e9 m\u016f\u017ee doj\u00edt k&nbsp;nenapraviteln\u00e9mu, v&nbsp;nejhor\u0161\u00edm p\u0159\u00edpad\u011b dokonce ke smrteln\u00e9mu, po\u0161kozen\u00ed plic a nosn\u00edch dutin. Projevy se pohybuj\u00ed v&nbsp;rozmez\u00ed od lehk\u00e9ho ka\u0161le a\u017e po vyka\u0161l\u00e1v\u00e1n\u00ed krve.Jak se vyhnout riziku?Je asi naivn\u00ed o\u010dek\u00e1vat, \u017ee v\u0161ichni lid\u00e9 po zve\u0159ejn\u011bn\u00ed studie p\u0159estanou su\u0161it sv\u00e9 pr\u00e1dlo na topen\u00ed. Samoz\u0159ejm\u011b by bylo dobr\u00e9 to aspo\u0148 omezit a v&nbsp;p\u0159\u00edpad\u011b, \u017ee nen\u00ed zbyt\u00ed, dodr\u017eovat n\u011bkolik z\u00e1sad, kter\u00e9 v\u00e1m pomohou mo\u017en\u00e1 rizika n\u00e1kazy sn\u00ed\u017eit na minimum. Z\u00e1sadn\u00ed je zajistit v\u011btr\u00e1n\u00ed a dobrou cirkulaci vzduchu. Pr\u00e1dlo nech\u00e1vejte su\u0161it na m\u00edstech, kde se p\u0159\u00edli\u0161 nepohybujete. Nejhor\u0161\u00edm m\u00edstem je t\u0159eba lo\u017enice nebo d\u011btsk\u00fd pokoj. Vhodn\u00fdm m\u00edstem nen\u00ed ani vlhk\u00e1 koupelna. Nejvhodn\u011bj\u0161\u00ed bude m\u00e1lo nav\u0161t\u011bvovan\u00e1 m\u00edstnost s&nbsp;pootev\u0159en\u00fdm oknem. D\u016fle\u017eit\u00fdm faktorem je vlhkost, \u010d\u00edm v\u011bt\u0161\u00ed vlhkost, t\u00edm v\u011bt\u0161\u00ed riziko na roz\u0161\u00ed\u0159en\u00ed n\u00e1kazy. N\u011bkter\u00e9 star\u0161\u00ed domy a byty maj\u00ed vysokou tendenci vlhkost zadr\u017eovat a pro su\u0161en\u00ed na radi\u00e1torech jsou tak vysoce nevhodn\u00e9. Such\u00e9 prostory jsou z&nbsp;hlediska rizika na roz\u0161\u00ed\u0159en\u00ed pl\u00edsn\u00ed mnohem bezpe\u010dn\u011bj\u0161\u00ed, ale ani tak nemus\u00ed b\u00fdt pro citliv\u00e9 osoby a d\u011bti zcela v&nbsp;po\u0159\u00e1dku. Krom\u011b zdravotn\u00edho rizika se m\u016f\u017ee su\u0161en\u00ed na radi\u00e1torech negativn\u011b projevit i na financ\u00edch vlo\u017een\u00fdch do vyt\u00e1p\u011bn\u00ed.                                                                                                                                                                                                                                                                                                                                                                                        4.7\/5 - (7 votes)        "},{"@context":"https:\/\/schema.org\/","@type":"BreadcrumbList","itemListElement":[{"@type":"ListItem","position":1,"name":"Jak na su\u0161en\u00ed pr\u00e1dla v zim\u011b?","item":"https:\/\/www.patriot-x.cz\/jak-na-suseni-pradla-v-zime\/#breadcrumbitem"}]}]