[{"@context":"https:\/\/schema.org\/","@type":"Article","@id":"https:\/\/www.patriot-x.cz\/horor-jmenem-ucetnictvi\/#Article","mainEntityOfPage":"https:\/\/www.patriot-x.cz\/horor-jmenem-ucetnictvi\/","headline":"Horor jm\u00e9nem \u00fa\u010detnictv\u00ed","name":"Horor jm\u00e9nem \u00fa\u010detnictv\u00ed","description":"Pro nezasv\u011bcen\u00e9ho a leckdy i zasv\u011bcen\u00e9ho \u010dlov\u011bka je n\u011bkdy bli\u017e\u0161\u00ed pohled na to, co obn\u00e1\u0161\u00ed takov\u00e9 \u00fa\u010detnictv\u00ed, n\u011b\u010d\u00edm, co by [&hellip;]","datePublished":"2019-02-28","dateModified":"2023-05-19","author":{"@type":"Person","@id":"https:\/\/www.patriot-x.cz\/author\/#Person","name":"","url":"https:\/\/www.patriot-x.cz\/author\/","identifier":1,"image":{"@type":"ImageObject","@id":"https:\/\/secure.gravatar.com\/avatar\/d7705a23c50ede72936119380238a88bdeb91030521f9262dc3abc6fdd8add33?s=96&d=mm&r=g","url":"https:\/\/secure.gravatar.com\/avatar\/d7705a23c50ede72936119380238a88bdeb91030521f9262dc3abc6fdd8add33?s=96&d=mm&r=g","height":96,"width":96}},"publisher":{"@type":"Organization","name":"patriot-x.cz","logo":{"@type":"ImageObject","@id":"\/logo.png","url":"\/logo.png","width":600,"height":60}},"image":{"@type":"ImageObject","@id":"https:\/\/www.patriot-x.cz\/wp-content\/uploads\/img_a343606_w1693_t1556603987.jpg","url":"https:\/\/www.patriot-x.cz\/wp-content\/uploads\/img_a343606_w1693_t1556603987.jpg","height":0,"width":0},"url":"https:\/\/www.patriot-x.cz\/horor-jmenem-ucetnictvi\/","about":["Produkty"],"wordCount":432,"articleBody":"      Pro nezasv\u011bcen\u00e9ho a leckdy i zasv\u011bcen\u00e9ho \u010dlov\u011bka je n\u011bkdy bli\u017e\u0161\u00ed pohled na to, co obn\u00e1\u0161\u00ed takov\u00e9 \u00fa\u010detnictv\u00ed, n\u011b\u010d\u00edm, co by snad ani slavn\u00fd Hitchcock nevymyslel. Proto\u017ee to u\u017e d\u00e1vno nen\u00ed n\u011bco v duchu \u201am\u00e1 d\u00e1ti \u2013 dal\u2018. Sp\u00ed\u0161e by se to dalo popsat t\u0159eba jako \u201am\u00e1 d\u00e1ti \u2013 m\u00e1 d\u00e1ti \u2013 m\u00e1 d\u00e1ti \u2013 m\u00e1 si ode\u010d\u00edst \u2013 m\u00e1 si zaokrouhlit \u2013 m\u00e1 dolo\u017eit \u2013 m\u00e1 p\u0159ipo\u010d\u00edst \u2013 m\u00e1 ode\u010d\u00edst \u2013 m\u00e1 nahl\u00e1sit \u2013 dal \u2013 a je\u0161t\u011b bude muset d\u00e1t\u2018. \u00da\u010detnictv\u00ed je dnes u\u017e obor, kter\u00fd vy\u017eaduje v\u011bru bystrou mysl a nikoliv jenom n\u011bkoho, kdo um\u00ed vypo\u010d\u00edtat procenta ze zisku. Proto\u017ee je t\u0159eba v\u011bd\u011bt, komu v\u0161emu se mus\u00ed platit a kolik procent, respektive kolik minim\u00e1ln\u011b a kolik nanejv\u00fd\u0161, komu se vypo\u010d\u00edt\u00e1v\u00e1 platba z p\u0159\u00edjmu, komu z hrub\u00e9 mzdy, komu ze superhrub\u00e9 mzdy, jak je to s brig\u00e1dn\u00edky a t\u011bmi, kdo pracuj\u00ed na \u010d\u00e1ste\u010dn\u00fd \u00favazek nebo n\u011bjak\u00fd jin\u00fd pom\u011br,\u2026 A proto\u017ee s\u00e1m \u00fa\u010detn\u00ed nejsem, je jenom ot\u00e1zkou, na co v\u0161e jsem tu je\u0161t\u011b zapomn\u011bl. A jak se v tom m\u00e1 teprve vyznat podnikatel, kter\u00fd vesm\u011bs tak\u00e9 nem\u00e1 odpov\u00eddaj\u00edc\u00ed ekonomick\u00e9 vzd\u011bl\u00e1n\u00ed a kter\u00fd ani nem\u016f\u017ee jenom po\u010d\u00edtat platby, dan\u011b, odvody a poplatky, proto\u017ee mus\u00ed tak\u00e9 podnikat a vyd\u011bl\u00e1vat na n\u011b! A proto lze kvitovat s povd\u011bkem, \u017ee existuje i finan\u010dn\u00ed \u00fa\u010detnictv\u00ed, je\u017e v tomto ohledu podnikatel\u016fm poskytuje neoceniteln\u00e9 slu\u017eby. Kter\u00e9 jim pom\u00e1h\u00e1, aby bylo v\u0161e z\u00fa\u010dtov\u00e1no tak, jak tomu m\u00e1 b\u00fdt. Proto\u017ee jenom si zkuste p\u0159edstavit, co obn\u00e1\u0161\u00ed bezpap\u00edrov\u00e9 \u00fa\u010dtov\u00e1n\u00ed  zpracov\u00e1n\u00ed elektronick\u00fdch faktur  \u00fa\u010dtov\u00e1n\u00ed v ciz\u00ed m\u011bn\u011b s p\u0159epo\u010dtem ciz\u00ed m\u011bny k rozhodn\u00e9mu dni  otev\u0159en\u00e9 polo\u017eky a upom\u00ednkov\u00e1n\u00ed  zdan\u011bn\u00ed p\u0159i platb\u00e1ch d\u00edl\u010d\u00edch faktur a pozd\u011bj\u0161\u00ed vypo\u0159\u00e1d\u00e1n\u00ed d\u00edl\u010d\u00edch faktur p\u0159i vy\u00fa\u010dtov\u00e1n\u00ed kone\u010dn\u00e9 faktury  spr\u00e1va zahrani\u010dn\u00ed DPH  kontrola do\u0161l\u00fdch faktur  Vst\u00e1vaj\u00ed v\u00e1m p\u0159i tom hr\u016fzou vlasy na hlav\u011b? A to i ve chv\u00edli, kdy nejste podnikateli, do jejich\u017e povinnost\u00ed n\u011bco takov\u00e9ho spad\u00e1? V\u011b\u0159te mi, \u017ee nejste ani zdaleka jedin\u00ed. A proto je jenom dob\u0159e, \u017ee se tu najde n\u011bkdo schopn\u00fd vy\u0159e\u0161it to za druh\u00e9. To je r\u00e1zem \u00faleva, \u017ee?                                                                                                                                                                                                                                                                                                                                                                                          4\/5 - (8 votes)        "},{"@context":"https:\/\/schema.org\/","@type":"BreadcrumbList","itemListElement":[{"@type":"ListItem","position":1,"name":"Horor jm\u00e9nem \u00fa\u010detnictv\u00ed","item":"https:\/\/www.patriot-x.cz\/horor-jmenem-ucetnictvi\/#breadcrumbitem"}]}]